{"id":2231,"date":"2017-11-28T14:04:58","date_gmt":"2017-11-28T12:04:58","guid":{"rendered":"https:\/\/wurll-jasper.de\/betriebsausflug-weihnachts-und-karnevalsfeier-auch-freigestellte-arbeitnehmer-sind-einzuladen\/"},"modified":"2017-11-28T14:04:58","modified_gmt":"2017-11-28T12:04:58","slug":"betriebsausflug-weihnachts-und-karnevalsfeier-auch-freigestellte-arbeitnehmer-sind-einzuladen","status":"publish","type":"post","link":"https:\/\/wurll-jasper.de\/en\/betriebsausflug-weihnachts-und-karnevalsfeier-auch-freigestellte-arbeitnehmer-sind-einzuladen\/","title":{"rendered":"Betriebsausflug, Weihnachts- und Karnevalsfeier \u2013 Auch freigestellte Arbeitnehmer sind einzuladen"},"content":{"rendered":"<p>Gegen Ende des Jahres planen viele Unternehmen eine Weihnachtsfeier. F\u00fcr viele Mitarbeiter bieten solche Firmenveranstaltungen die M\u00f6glichkeit, ihre Kollegen jenseits des Arbeitsstresses kennenzulernen und daher versuchen viele Arbeitgeber diverse Betriebsfeiern zu organisieren. Doch was gilt hierbei zu beachten? Wen muss der Arbeitgeber alles bei der Einladung ber\u00fccksichtigen?<\/p>\n<p>Das Arbeitsgericht K\u00f6ln entschied hierzu in seinem Urteil vom 22.06.2017 (8 Ca 5233\/16), dass auch freigestellte Arbeitnehmer einen Anspruch auf die Teilnahme an Betriebsveranstaltungen haben. Ohne einen sachlichen Grund d\u00fcrfe ein freigestellter Arbeitnehmer nicht ausgeschlossen werden.<\/p>\n<p><strong><u>Sachverhalt: <\/u><\/strong><\/p>\n<p>Der Entscheidung lag folgender Sachverhalt zugrunde:<\/p>\n<p>Der Kl\u00e4ger war als Fachbereichsleiter bei der Beklagten besch\u00e4ftigt. Aufgrund von Differenzen mit dem neuen Vorstandsvorsitzenden hatten die Parteien im Dezember 2015 vereinbart, dass der Kl\u00e4ger ab dem 01.01.2016 bis zu seinem Renteneintritt am 28.02.2018 unwiderruflich freigestellt wird.<\/p>\n<p>Die Beklagte hatte j\u00e4hrlich einige Betriebsveranstaltungen ausgerichtet. Zu der Karnevalsfeier 2016 wurde der freigestellte Mitarbeiter noch eingeladen, ab dann erhielt er jedoch zum Betriebsausflug, zur Weihnachtsfeier und zur Karnevalsfeier 2017 keine Einladung mehr. Darauf wollte der Kl\u00e4ger allerdings nicht verzichten und klagte seine Teilnahme vor dem Gericht ein. Die Beklagte behauptete dagegen, dass solche Veranstaltungen freiwillig seien und es ihr danach freisteht, wer eingeladen wird und wer nicht.<\/p>\n<p><strong><u>Entscheidung:<\/u><\/strong><\/p>\n<p>Die Klage hatte vor dem Gericht Erfolg: Das Gericht verk\u00fcndete, dass auch freigestellte Mitarbeiter eingeladen werden m\u00fcssen, sofern die Feier betriebs\u00f6ffentlich f\u00fcr die im Unternehmen besch\u00e4ftigten Mitarbeiter angeboten wird. Dieser Gedanke folge aus dem allgemeinen arbeitsrechtlichen Gleichbehandlungsgrundsatz. Demgem\u00e4\u00df habe der Arbeitnehmer einen Anspruch auf die Teilnahme, soweit die Veranstaltung auch tats\u00e4chlich stattfindet und das Arbeitsverh\u00e4ltnis noch nicht vor dem Termin beendet ist.<\/p>\n<p>F\u00fcr den individuellen Ausschluss einzelner Mitarbeiter oder Gruppen von derartigen Veranstaltungen, ben\u00f6tigt der Arbeitgeber einen sachlichen Grund. Ein solcher Sachgrund k\u00f6nnte beispielsweise vorliegen, wenn der betroffene Mitarbeiter sich in der Vergangenheit auf solchen Veranstaltungen st\u00f6rend verhalten h\u00e4tte. Im vorliegenden Fall war dies jedoch nicht gegeben. Die Beklagte k\u00f6nne sich jedoch nicht auf die einvernehmliche Freistellung berufen, da dies keinen ordentlichen Sachgrund f\u00fcr die Ungleichbehandlung darstellt. Im Falle einer Freistellung bis zum Ablauf der K\u00fcndigungsfrist, k\u00f6nnte sich jedoch ein sachlicher Grund aus der verhaltensbedingten K\u00fcndigung ergeben. Das ist aber vom Einzelfall abh\u00e4ngig und bezieht sich insbesondere auf die Art des K\u00fcndigungsgrunds.<\/p>\n<p><strong><u>Fazit:<\/u><\/strong><\/p>\n<p>Mit anderen Worten: Die Teilnahme an Betriebsveranstaltungen steht in der Regel allen Mitarbeitern offen.\u00a0In der Praxis kommt es jedoch eher selten vor, dass freigestellte Mitarbeiter aufgrund einer K\u00fcndigung dennoch an Firmenfesten teilnehmen wollen. Falls es doch der Wunsch ist, kann die Teilnahme nicht verweigert werden. Von dem grunds\u00e4tzlichen Teilnahmerecht muss jedoch die Teilnahmepflicht abgegrenzt werden: Ein Arbeitgeber kann den Arbeitnehmer nicht zwingen, an Betriebsfeiern teilzunehmen. Dies geh\u00f6re nicht zu seinen unmittelbar geschuldeten Arbeitspflichten.<\/p>\n<p>Guido Wurll<br \/>\nFachanwalt f\u00fcr Arbeitsrecht, Rechtsanwalt<\/p>\n","protected":false},"excerpt":{"rendered":"<p>Gegen Ende des Jahres planen viele Unternehmen eine Weihnachtsfeier. F\u00fcr viele Mitarbeiter bieten solche Firmenveranstaltungen die M\u00f6glichkeit, ihre Kollegen jenseits des Arbeitsstresses kennenzulernen und daher versuchen viele Arbeitgeber diverse Betriebsfeiern zu organisieren. Doch was gilt hierbei zu beachten? Wen muss der Arbeitgeber alles bei der Einladung ber\u00fccksichtigen? Das Arbeitsgericht K\u00f6ln entschied hierzu in seinem Urteil&#8230;<\/p>\n","protected":false},"author":7,"featured_media":0,"comment_status":"closed","ping_status":"closed","sticky":false,"template":"","format":"standard","meta":{"footnotes":""},"categories":[7],"tags":[],"yoast_head":"<!-- This site is optimized with the Yoast SEO plugin v21.5 - https:\/\/yoast.com\/wordpress\/plugins\/seo\/ -->\n<title>Betriebsausflug, Weihnachts- und Karnevalsfeier \u2013 Auch freigestellte Arbeitnehmer sind einzuladen - Wurll Jasper + Kollegen<\/title>\n<meta name=\"robots\" content=\"index, follow, max-snippet:-1, max-image-preview:large, max-video-preview:-1\" \/>\n<link rel=\"canonical\" href=\"https:\/\/wurll-jasper.de\/en\/betriebsausflug-weihnachts-und-karnevalsfeier-auch-freigestellte-arbeitnehmer-sind-einzuladen\/\" \/>\n<meta property=\"og:locale\" content=\"en_US\" \/>\n<meta property=\"og:type\" content=\"article\" \/>\n<meta property=\"og:title\" content=\"Betriebsausflug, Weihnachts- und Karnevalsfeier \u2013 Auch freigestellte Arbeitnehmer sind einzuladen - Wurll Jasper + Kollegen\" \/>\n<meta property=\"og:description\" content=\"Gegen Ende des Jahres planen viele Unternehmen eine Weihnachtsfeier. F\u00fcr viele Mitarbeiter bieten solche Firmenveranstaltungen die M\u00f6glichkeit, ihre Kollegen jenseits des Arbeitsstresses kennenzulernen und daher versuchen viele Arbeitgeber diverse Betriebsfeiern zu organisieren. Doch was gilt hierbei zu beachten? Wen muss der Arbeitgeber alles bei der Einladung ber\u00fccksichtigen? Das Arbeitsgericht K\u00f6ln entschied hierzu in seinem Urteil...\" \/>\n<meta property=\"og:url\" content=\"https:\/\/wurll-jasper.de\/en\/betriebsausflug-weihnachts-und-karnevalsfeier-auch-freigestellte-arbeitnehmer-sind-einzuladen\/\" \/>\n<meta property=\"og:site_name\" content=\"Wurll Jasper + Kollegen\" \/>\n<meta property=\"article:publisher\" content=\"https:\/\/www.facebook.com\/wurllplus\/\" \/>\n<meta property=\"article:published_time\" content=\"2017-11-28T12:04:58+00:00\" \/>\n<meta property=\"og:image\" content=\"https:\/\/wurll-jasper.de\/wp-content\/uploads\/WurllJasper_Logo_188-x-110-px_01.png\" \/>\n\t<meta property=\"og:image:width\" content=\"197\" \/>\n\t<meta property=\"og:image:height\" content=\"110\" \/>\n\t<meta property=\"og:image:type\" content=\"image\/png\" \/>\n<meta name=\"author\" content=\"Guido Wurll\" \/>\n<meta name=\"twitter:card\" content=\"summary_large_image\" \/>\n<meta name=\"twitter:label1\" content=\"Written by\" \/>\n\t<meta name=\"twitter:data1\" content=\"Guido Wurll\" \/>\n\t<meta name=\"twitter:label2\" content=\"Est. reading time\" \/>\n\t<meta name=\"twitter:data2\" content=\"2 minutes\" \/>\n<script type=\"application\/ld+json\" class=\"yoast-schema-graph\">{\"@context\":\"https:\/\/schema.org\",\"@graph\":[{\"@type\":\"Article\",\"@id\":\"https:\/\/wurll-jasper.de\/en\/betriebsausflug-weihnachts-und-karnevalsfeier-auch-freigestellte-arbeitnehmer-sind-einzuladen\/#article\",\"isPartOf\":{\"@id\":\"https:\/\/wurll-jasper.de\/en\/betriebsausflug-weihnachts-und-karnevalsfeier-auch-freigestellte-arbeitnehmer-sind-einzuladen\/\"},\"author\":{\"name\":\"Guido Wurll\",\"@id\":\"https:\/\/wurll-jasper.de\/#\/schema\/person\/c0eb21ef8220d7ac037f9e40abb93536\"},\"headline\":\"Betriebsausflug, Weihnachts- und Karnevalsfeier \u2013 Auch freigestellte Arbeitnehmer sind einzuladen\",\"datePublished\":\"2017-11-28T12:04:58+00:00\",\"dateModified\":\"2017-11-28T12:04:58+00:00\",\"mainEntityOfPage\":{\"@id\":\"https:\/\/wurll-jasper.de\/en\/betriebsausflug-weihnachts-und-karnevalsfeier-auch-freigestellte-arbeitnehmer-sind-einzuladen\/\"},\"wordCount\":474,\"publisher\":{\"@id\":\"https:\/\/wurll-jasper.de\/#organization\"},\"articleSection\":[\"Common\"],\"inLanguage\":\"en-US\"},{\"@type\":\"WebPage\",\"@id\":\"https:\/\/wurll-jasper.de\/en\/betriebsausflug-weihnachts-und-karnevalsfeier-auch-freigestellte-arbeitnehmer-sind-einzuladen\/\",\"url\":\"https:\/\/wurll-jasper.de\/en\/betriebsausflug-weihnachts-und-karnevalsfeier-auch-freigestellte-arbeitnehmer-sind-einzuladen\/\",\"name\":\"Betriebsausflug, Weihnachts- und Karnevalsfeier \u2013 Auch freigestellte Arbeitnehmer sind einzuladen - Wurll Jasper + Kollegen\",\"isPartOf\":{\"@id\":\"https:\/\/wurll-jasper.de\/#website\"},\"datePublished\":\"2017-11-28T12:04:58+00:00\",\"dateModified\":\"2017-11-28T12:04:58+00:00\",\"breadcrumb\":{\"@id\":\"https:\/\/wurll-jasper.de\/en\/betriebsausflug-weihnachts-und-karnevalsfeier-auch-freigestellte-arbeitnehmer-sind-einzuladen\/#breadcrumb\"},\"inLanguage\":\"en-US\",\"potentialAction\":[{\"@type\":\"ReadAction\",\"target\":[\"https:\/\/wurll-jasper.de\/en\/betriebsausflug-weihnachts-und-karnevalsfeier-auch-freigestellte-arbeitnehmer-sind-einzuladen\/\"]}]},{\"@type\":\"BreadcrumbList\",\"@id\":\"https:\/\/wurll-jasper.de\/en\/betriebsausflug-weihnachts-und-karnevalsfeier-auch-freigestellte-arbeitnehmer-sind-einzuladen\/#breadcrumb\",\"itemListElement\":[{\"@type\":\"ListItem\",\"position\":1,\"name\":\"Startseite\",\"item\":\"https:\/\/wurll-jasper.de\/en\/\"},{\"@type\":\"ListItem\",\"position\":2,\"name\":\"Betriebsausflug, Weihnachts- und Karnevalsfeier \u2013 Auch freigestellte Arbeitnehmer sind einzuladen\"}]},{\"@type\":\"WebSite\",\"@id\":\"https:\/\/wurll-jasper.de\/#website\",\"url\":\"https:\/\/wurll-jasper.de\/\",\"name\":\"Wurll Jasper + Kollegen\",\"description\":\"Die Kanzlei f\u00fcr Arbeitsrecht\",\"publisher\":{\"@id\":\"https:\/\/wurll-jasper.de\/#organization\"},\"potentialAction\":[{\"@type\":\"SearchAction\",\"target\":{\"@type\":\"EntryPoint\",\"urlTemplate\":\"https:\/\/wurll-jasper.de\/?s={search_term_string}\"},\"query-input\":\"required name=search_term_string\"}],\"inLanguage\":\"en-US\"},{\"@type\":\"Organization\",\"@id\":\"https:\/\/wurll-jasper.de\/#organization\",\"name\":\"Wurll Jasper + Kollegen\",\"url\":\"https:\/\/wurll-jasper.de\/\",\"logo\":{\"@type\":\"ImageObject\",\"inLanguage\":\"en-US\",\"@id\":\"https:\/\/wurll-jasper.de\/#\/schema\/logo\/image\/\",\"url\":\"https:\/\/wurll-jasper.de\/wp-content\/uploads\/Wurll_Logo_188-x-110-px_01.png\",\"contentUrl\":\"https:\/\/wurll-jasper.de\/wp-content\/uploads\/Wurll_Logo_188-x-110-px_01.png\",\"width\":188,\"height\":110,\"caption\":\"Wurll Jasper + Kollegen\"},\"image\":{\"@id\":\"https:\/\/wurll-jasper.de\/#\/schema\/logo\/image\/\"},\"sameAs\":[\"https:\/\/www.facebook.com\/wurllplus\/\",\"https:\/\/www.xing.com\/companies\/wurll+kollegendiekanzleifrarbeitsrecht\"]},{\"@type\":\"Person\",\"@id\":\"https:\/\/wurll-jasper.de\/#\/schema\/person\/c0eb21ef8220d7ac037f9e40abb93536\",\"name\":\"Guido Wurll\",\"url\":\"https:\/\/wurll-jasper.de\/en\/author\/guido-wurll\/\"}]}<\/script>\n<!-- \/ Yoast SEO plugin. -->","yoast_head_json":{"title":"Betriebsausflug, Weihnachts- und Karnevalsfeier \u2013 Auch freigestellte Arbeitnehmer sind einzuladen - Wurll Jasper + Kollegen","robots":{"index":"index","follow":"follow","max-snippet":"max-snippet:-1","max-image-preview":"max-image-preview:large","max-video-preview":"max-video-preview:-1"},"canonical":"https:\/\/wurll-jasper.de\/en\/betriebsausflug-weihnachts-und-karnevalsfeier-auch-freigestellte-arbeitnehmer-sind-einzuladen\/","og_locale":"en_US","og_type":"article","og_title":"Betriebsausflug, Weihnachts- und Karnevalsfeier \u2013 Auch freigestellte Arbeitnehmer sind einzuladen - Wurll Jasper + Kollegen","og_description":"Gegen Ende des Jahres planen viele Unternehmen eine Weihnachtsfeier. F\u00fcr viele Mitarbeiter bieten solche Firmenveranstaltungen die M\u00f6glichkeit, ihre Kollegen jenseits des Arbeitsstresses kennenzulernen und daher versuchen viele Arbeitgeber diverse Betriebsfeiern zu organisieren. Doch was gilt hierbei zu beachten? Wen muss der Arbeitgeber alles bei der Einladung ber\u00fccksichtigen? Das Arbeitsgericht K\u00f6ln entschied hierzu in seinem Urteil...","og_url":"https:\/\/wurll-jasper.de\/en\/betriebsausflug-weihnachts-und-karnevalsfeier-auch-freigestellte-arbeitnehmer-sind-einzuladen\/","og_site_name":"Wurll Jasper + Kollegen","article_publisher":"https:\/\/www.facebook.com\/wurllplus\/","article_published_time":"2017-11-28T12:04:58+00:00","og_image":[{"width":197,"height":110,"url":"https:\/\/wurll-jasper.de\/wp-content\/uploads\/WurllJasper_Logo_188-x-110-px_01.png","type":"image\/png"}],"author":"Guido Wurll","twitter_card":"summary_large_image","twitter_misc":{"Written by":"Guido Wurll","Est. reading time":"2 minutes"},"schema":{"@context":"https:\/\/schema.org","@graph":[{"@type":"Article","@id":"https:\/\/wurll-jasper.de\/en\/betriebsausflug-weihnachts-und-karnevalsfeier-auch-freigestellte-arbeitnehmer-sind-einzuladen\/#article","isPartOf":{"@id":"https:\/\/wurll-jasper.de\/en\/betriebsausflug-weihnachts-und-karnevalsfeier-auch-freigestellte-arbeitnehmer-sind-einzuladen\/"},"author":{"name":"Guido Wurll","@id":"https:\/\/wurll-jasper.de\/#\/schema\/person\/c0eb21ef8220d7ac037f9e40abb93536"},"headline":"Betriebsausflug, Weihnachts- und Karnevalsfeier \u2013 Auch freigestellte Arbeitnehmer sind einzuladen","datePublished":"2017-11-28T12:04:58+00:00","dateModified":"2017-11-28T12:04:58+00:00","mainEntityOfPage":{"@id":"https:\/\/wurll-jasper.de\/en\/betriebsausflug-weihnachts-und-karnevalsfeier-auch-freigestellte-arbeitnehmer-sind-einzuladen\/"},"wordCount":474,"publisher":{"@id":"https:\/\/wurll-jasper.de\/#organization"},"articleSection":["Common"],"inLanguage":"en-US"},{"@type":"WebPage","@id":"https:\/\/wurll-jasper.de\/en\/betriebsausflug-weihnachts-und-karnevalsfeier-auch-freigestellte-arbeitnehmer-sind-einzuladen\/","url":"https:\/\/wurll-jasper.de\/en\/betriebsausflug-weihnachts-und-karnevalsfeier-auch-freigestellte-arbeitnehmer-sind-einzuladen\/","name":"Betriebsausflug, Weihnachts- und Karnevalsfeier \u2013 Auch freigestellte Arbeitnehmer sind einzuladen - Wurll Jasper + Kollegen","isPartOf":{"@id":"https:\/\/wurll-jasper.de\/#website"},"datePublished":"2017-11-28T12:04:58+00:00","dateModified":"2017-11-28T12:04:58+00:00","breadcrumb":{"@id":"https:\/\/wurll-jasper.de\/en\/betriebsausflug-weihnachts-und-karnevalsfeier-auch-freigestellte-arbeitnehmer-sind-einzuladen\/#breadcrumb"},"inLanguage":"en-US","potentialAction":[{"@type":"ReadAction","target":["https:\/\/wurll-jasper.de\/en\/betriebsausflug-weihnachts-und-karnevalsfeier-auch-freigestellte-arbeitnehmer-sind-einzuladen\/"]}]},{"@type":"BreadcrumbList","@id":"https:\/\/wurll-jasper.de\/en\/betriebsausflug-weihnachts-und-karnevalsfeier-auch-freigestellte-arbeitnehmer-sind-einzuladen\/#breadcrumb","itemListElement":[{"@type":"ListItem","position":1,"name":"Startseite","item":"https:\/\/wurll-jasper.de\/en\/"},{"@type":"ListItem","position":2,"name":"Betriebsausflug, Weihnachts- und Karnevalsfeier \u2013 Auch freigestellte Arbeitnehmer sind einzuladen"}]},{"@type":"WebSite","@id":"https:\/\/wurll-jasper.de\/#website","url":"https:\/\/wurll-jasper.de\/","name":"Wurll Jasper + Kollegen","description":"Die Kanzlei f\u00fcr Arbeitsrecht","publisher":{"@id":"https:\/\/wurll-jasper.de\/#organization"},"potentialAction":[{"@type":"SearchAction","target":{"@type":"EntryPoint","urlTemplate":"https:\/\/wurll-jasper.de\/?s={search_term_string}"},"query-input":"required name=search_term_string"}],"inLanguage":"en-US"},{"@type":"Organization","@id":"https:\/\/wurll-jasper.de\/#organization","name":"Wurll Jasper + Kollegen","url":"https:\/\/wurll-jasper.de\/","logo":{"@type":"ImageObject","inLanguage":"en-US","@id":"https:\/\/wurll-jasper.de\/#\/schema\/logo\/image\/","url":"https:\/\/wurll-jasper.de\/wp-content\/uploads\/Wurll_Logo_188-x-110-px_01.png","contentUrl":"https:\/\/wurll-jasper.de\/wp-content\/uploads\/Wurll_Logo_188-x-110-px_01.png","width":188,"height":110,"caption":"Wurll Jasper + Kollegen"},"image":{"@id":"https:\/\/wurll-jasper.de\/#\/schema\/logo\/image\/"},"sameAs":["https:\/\/www.facebook.com\/wurllplus\/","https:\/\/www.xing.com\/companies\/wurll+kollegendiekanzleifrarbeitsrecht"]},{"@type":"Person","@id":"https:\/\/wurll-jasper.de\/#\/schema\/person\/c0eb21ef8220d7ac037f9e40abb93536","name":"Guido Wurll","url":"https:\/\/wurll-jasper.de\/en\/author\/guido-wurll\/"}]}},"_links":{"self":[{"href":"https:\/\/wurll-jasper.de\/en\/wp-json\/wp\/v2\/posts\/2231"}],"collection":[{"href":"https:\/\/wurll-jasper.de\/en\/wp-json\/wp\/v2\/posts"}],"about":[{"href":"https:\/\/wurll-jasper.de\/en\/wp-json\/wp\/v2\/types\/post"}],"author":[{"embeddable":true,"href":"https:\/\/wurll-jasper.de\/en\/wp-json\/wp\/v2\/users\/7"}],"replies":[{"embeddable":true,"href":"https:\/\/wurll-jasper.de\/en\/wp-json\/wp\/v2\/comments?post=2231"}],"version-history":[{"count":0,"href":"https:\/\/wurll-jasper.de\/en\/wp-json\/wp\/v2\/posts\/2231\/revisions"}],"wp:attachment":[{"href":"https:\/\/wurll-jasper.de\/en\/wp-json\/wp\/v2\/media?parent=2231"}],"wp:term":[{"taxonomy":"category","embeddable":true,"href":"https:\/\/wurll-jasper.de\/en\/wp-json\/wp\/v2\/categories?post=2231"},{"taxonomy":"post_tag","embeddable":true,"href":"https:\/\/wurll-jasper.de\/en\/wp-json\/wp\/v2\/tags?post=2231"}],"curies":[{"name":"wp","href":"https:\/\/api.w.org\/{rel}","templated":true}]}}