{"id":2243,"date":"2016-10-25T09:45:28","date_gmt":"2016-10-25T07:45:28","guid":{"rendered":"https:\/\/wurll-jasper.de\/unordnung-in-bueros-massnahmen-des-arbeitgebers-nicht-immer-mitbestimmungspflichtig\/"},"modified":"2016-10-25T09:45:28","modified_gmt":"2016-10-25T07:45:28","slug":"unordnung-in-bueros-massnahmen-des-arbeitgebers-nicht-immer-mitbestimmungspflichtig","status":"publish","type":"post","link":"https:\/\/wurll-jasper.de\/en\/unordnung-in-bueros-massnahmen-des-arbeitgebers-nicht-immer-mitbestimmungspflichtig\/","title":{"rendered":"Unordnung in B\u00fcros: Ma\u00dfnahmen des Arbeitgebers nicht immer mitbestimmungspflichtig"},"content":{"rendered":"<p>Ordnung im B\u00fcro \u2013 ein Thema, das viele Arbeitgeber besch\u00e4ftigt. Was ist am Arbeitsplatz erlaubt und was darf der Arbeitgeber hingegen nicht einseitig bestimmen, ohne den Betriebsrat zu beteiligen?<br \/>\nAm 08. Juni 2016 entschied das Arbeitsgericht W\u00fcrzburg (12 BV 25\/15), dass man hierbei zwischen Anordnungen der betrieblichen Ordnung und solchen zur Arbeitsleistung differenzieren muss.<\/p>\n<p><strong>Sachverhalt:<\/strong><\/p>\n<p>Die Arbeitgeberin leitet einen Betrieb am Standort M mit \u00fcber 400 Mitarbeitern. Der Betriebsrat besteht aus 11 Betriebsratsmitgliedern. Um f\u00fcr Ordnung zu sorgen, schrieb die Arbeitgeberin eine E-Mail mit dem Betreff \u201eRundschreiben Sauberkeit und Ordnung\u201c, in der sie diverse Regeln aufstellte. Bei einem Versto\u00df drohte ein Ordnungsgeld bis zu 10.000 Euro. Folgende Anordnungen wurden aufgestellt:<\/p>\n<ol>\n<li>Pers\u00f6nliche Gegenst\u00e4nde d\u00fcrfen nur 10 % der Arbeitsfl\u00e4che einnehmen<\/li>\n<li>Unbenutzte Arbeitsfl\u00e4chen d\u00fcrfen nicht als Ablagefl\u00e4chen missbraucht werden<\/li>\n<li>Schrankoberseiten m\u00fcssen regelm\u00e4\u00dfig kontrolliert und freiger\u00e4umt werden<\/li>\n<li>Pers\u00f6nlich mitgebrachte Pflanzen sind regelm\u00e4\u00dfig zu gie\u00dfen und zu schneiden<\/li>\n<li>M\u00f6bel und Glasw\u00e4nde d\u00fcrfen nicht beklebt werden<\/li>\n<li>In \u201eOpen-Space\u201c-Bereichen m\u00fcssen Gespr\u00e4che leise gef\u00fchrt werden, sodass andere Mitarbeiter nicht gest\u00f6rt werden<\/li>\n<li>Arbeitsfl\u00e4chen sind nach Arbeitsende aufger\u00e4umt zu hinterlassen<\/li>\n<li>Defektes IT-Equipment ist umgehend zur\u00fcckzugeben<\/li>\n<li>Der M\u00fcll muss getrennt werden<\/li>\n<\/ol>\n<p>Doch hierbei hatte sie den Betriebsrat nicht miteinbezogen. Der Betriebsrat klagte daher gegen die Missachtung des Mitbestimmungsrechts aus \u00a7 87 Abs. 1 Nr. 1 BetrVG und verlangte von der Arbeitgeberin die Unterlassung der Anordnungen.<\/p>\n<p>Die Klage hatte Erfolg vor dem Arbeitsgericht, aber nur teilweise.<\/p>\n<p><strong>Entscheidung: <\/strong><\/p>\n<p>Nach \u00a7 87 Abs. 1 Nr. 1 BetrVG hat der Betriebsrat bei Fragen der Ordnung des Betriebs und des Verhalten der Arbeitnehmer im Betrieb das Recht auf Mitbestimmung. Das bedeutet, dass dem Betriebsrat bei einem Versto\u00df gegen die Mitbestimmungspflicht ein Anspruch auf Unterlassung zusteht.<br \/>\nAllerdings m\u00fcsse man vorliegend zwischen den Ma\u00dfnahmen unterscheiden, die die Arbeitsleistung des Einzelnen betreffen und solchen, die sich auf das Zusammenleben und \u2013wirken der Arbeitnehmer im Betrieb beziehen. Ein Mitbestimmungsrecht des Betriebsrats bestehe folglich nur dann, sofern die Regeln die Ordnung im Betrieb (Punkt 1 \u2013 4) ber\u00fchren, weil hier nicht das Arbeiten, sondern das Zusammenleben im Betrieb im Vordergrund steht. Es bestehe somit ein Bezug zur betrieblichen Ordnung.<br \/>\nDahingegen fallen die Ma\u00dfnahmen (Punkt 5 \u2013 9), die \u00fcberwiegend das Arbeitsverhalten ber\u00fchren, nicht unter die Mitbestimmung des Betriebsrats. Sie konkretisieren lediglich die Arbeitspflicht des Arbeitsnehmers und fallen au\u00dferdem unter das Direktionsrecht des Arbeitgebers aus dem Arbeitsvertrag.<br \/>\nWenn bei einer Anordnung gleichzeitig sowohl das Ordnungsverhalten als auch das Arbeitsverhalten ber\u00fchrt sind, wird darauf abgestellt, welcher Bereich schwerpunktm\u00e4\u00dfig betroffen ist.<\/p>\n<p><strong>Fazit:<\/strong><\/p>\n<p>Somit ist vom Gesetz geregelt und durch das Gericht best\u00e4tigt worden, dass der Arbeitgeber Ma\u00dfnahmen der aufgef\u00fchrten Art gerade nicht eigenm\u00e4chtig entscheiden darf, sondern vielmehr den Betriebsrat hinzuziehen muss. Die Betriebsparteien m\u00fcssen in solchen Angelegenheiten auf Augenh\u00f6he stehen. Eine damit funktionierende betriebliche Ordnung ist auch wichtig, um ein gesundes Arbeitsklima im Unternehmen zu erschaffen.<\/p>\n<p>Guido Wurll<br \/>\nFachanwalt f\u00fcr Arbeitsrecht, Rechtsanwalt<\/p>\n","protected":false},"excerpt":{"rendered":"<p>Ordnung im B\u00fcro \u2013 ein Thema, das viele Arbeitgeber besch\u00e4ftigt. Was ist am Arbeitsplatz erlaubt und was darf der Arbeitgeber hingegen nicht einseitig bestimmen, ohne den Betriebsrat zu beteiligen? Am 08. Juni 2016 entschied das Arbeitsgericht W\u00fcrzburg (12 BV 25\/15), dass man hierbei zwischen Anordnungen der betrieblichen Ordnung und solchen zur Arbeitsleistung differenzieren muss. Sachverhalt:&#8230;<\/p>\n","protected":false},"author":7,"featured_media":0,"comment_status":"closed","ping_status":"closed","sticky":false,"template":"","format":"standard","meta":{"footnotes":""},"categories":[7],"tags":[],"yoast_head":"<!-- This site is optimized with the Yoast SEO plugin v21.5 - https:\/\/yoast.com\/wordpress\/plugins\/seo\/ -->\n<title>Unordnung in B\u00fcros: Ma\u00dfnahmen des Arbeitgebers nicht immer mitbestimmungspflichtig - Wurll Jasper + Kollegen<\/title>\n<meta name=\"robots\" content=\"index, follow, max-snippet:-1, max-image-preview:large, max-video-preview:-1\" \/>\n<link rel=\"canonical\" href=\"https:\/\/wurll-jasper.de\/en\/unordnung-in-bueros-massnahmen-des-arbeitgebers-nicht-immer-mitbestimmungspflichtig\/\" \/>\n<meta property=\"og:locale\" content=\"en_US\" \/>\n<meta property=\"og:type\" content=\"article\" \/>\n<meta property=\"og:title\" content=\"Unordnung in B\u00fcros: Ma\u00dfnahmen des Arbeitgebers nicht immer mitbestimmungspflichtig - Wurll Jasper + Kollegen\" \/>\n<meta property=\"og:description\" content=\"Ordnung im B\u00fcro \u2013 ein Thema, das viele Arbeitgeber besch\u00e4ftigt. Was ist am Arbeitsplatz erlaubt und was darf der Arbeitgeber hingegen nicht einseitig bestimmen, ohne den Betriebsrat zu beteiligen? Am 08. Juni 2016 entschied das Arbeitsgericht W\u00fcrzburg (12 BV 25\/15), dass man hierbei zwischen Anordnungen der betrieblichen Ordnung und solchen zur Arbeitsleistung differenzieren muss. Sachverhalt:...\" \/>\n<meta property=\"og:url\" content=\"https:\/\/wurll-jasper.de\/en\/unordnung-in-bueros-massnahmen-des-arbeitgebers-nicht-immer-mitbestimmungspflichtig\/\" \/>\n<meta property=\"og:site_name\" content=\"Wurll Jasper + Kollegen\" \/>\n<meta property=\"article:publisher\" content=\"https:\/\/www.facebook.com\/wurllplus\/\" \/>\n<meta property=\"article:published_time\" content=\"2016-10-25T07:45:28+00:00\" \/>\n<meta property=\"og:image\" content=\"https:\/\/wurll-jasper.de\/wp-content\/uploads\/WurllJasper_Logo_188-x-110-px_01.png\" \/>\n\t<meta property=\"og:image:width\" content=\"197\" \/>\n\t<meta property=\"og:image:height\" content=\"110\" \/>\n\t<meta property=\"og:image:type\" content=\"image\/png\" \/>\n<meta name=\"author\" content=\"Guido Wurll\" \/>\n<meta name=\"twitter:card\" content=\"summary_large_image\" \/>\n<meta name=\"twitter:label1\" content=\"Written by\" \/>\n\t<meta name=\"twitter:data1\" content=\"Guido Wurll\" \/>\n\t<meta name=\"twitter:label2\" content=\"Est. reading time\" \/>\n\t<meta name=\"twitter:data2\" content=\"2 minutes\" \/>\n<script type=\"application\/ld+json\" class=\"yoast-schema-graph\">{\"@context\":\"https:\/\/schema.org\",\"@graph\":[{\"@type\":\"Article\",\"@id\":\"https:\/\/wurll-jasper.de\/en\/unordnung-in-bueros-massnahmen-des-arbeitgebers-nicht-immer-mitbestimmungspflichtig\/#article\",\"isPartOf\":{\"@id\":\"https:\/\/wurll-jasper.de\/en\/unordnung-in-bueros-massnahmen-des-arbeitgebers-nicht-immer-mitbestimmungspflichtig\/\"},\"author\":{\"name\":\"Guido Wurll\",\"@id\":\"https:\/\/wurll-jasper.de\/#\/schema\/person\/c0eb21ef8220d7ac037f9e40abb93536\"},\"headline\":\"Unordnung in B\u00fcros: Ma\u00dfnahmen des Arbeitgebers nicht immer mitbestimmungspflichtig\",\"datePublished\":\"2016-10-25T07:45:28+00:00\",\"dateModified\":\"2016-10-25T07:45:28+00:00\",\"mainEntityOfPage\":{\"@id\":\"https:\/\/wurll-jasper.de\/en\/unordnung-in-bueros-massnahmen-des-arbeitgebers-nicht-immer-mitbestimmungspflichtig\/\"},\"wordCount\":490,\"publisher\":{\"@id\":\"https:\/\/wurll-jasper.de\/#organization\"},\"articleSection\":[\"Common\"],\"inLanguage\":\"en-US\"},{\"@type\":\"WebPage\",\"@id\":\"https:\/\/wurll-jasper.de\/en\/unordnung-in-bueros-massnahmen-des-arbeitgebers-nicht-immer-mitbestimmungspflichtig\/\",\"url\":\"https:\/\/wurll-jasper.de\/en\/unordnung-in-bueros-massnahmen-des-arbeitgebers-nicht-immer-mitbestimmungspflichtig\/\",\"name\":\"Unordnung in B\u00fcros: Ma\u00dfnahmen des Arbeitgebers nicht immer mitbestimmungspflichtig - Wurll Jasper + Kollegen\",\"isPartOf\":{\"@id\":\"https:\/\/wurll-jasper.de\/#website\"},\"datePublished\":\"2016-10-25T07:45:28+00:00\",\"dateModified\":\"2016-10-25T07:45:28+00:00\",\"breadcrumb\":{\"@id\":\"https:\/\/wurll-jasper.de\/en\/unordnung-in-bueros-massnahmen-des-arbeitgebers-nicht-immer-mitbestimmungspflichtig\/#breadcrumb\"},\"inLanguage\":\"en-US\",\"potentialAction\":[{\"@type\":\"ReadAction\",\"target\":[\"https:\/\/wurll-jasper.de\/en\/unordnung-in-bueros-massnahmen-des-arbeitgebers-nicht-immer-mitbestimmungspflichtig\/\"]}]},{\"@type\":\"BreadcrumbList\",\"@id\":\"https:\/\/wurll-jasper.de\/en\/unordnung-in-bueros-massnahmen-des-arbeitgebers-nicht-immer-mitbestimmungspflichtig\/#breadcrumb\",\"itemListElement\":[{\"@type\":\"ListItem\",\"position\":1,\"name\":\"Startseite\",\"item\":\"https:\/\/wurll-jasper.de\/en\/\"},{\"@type\":\"ListItem\",\"position\":2,\"name\":\"Unordnung in B\u00fcros: Ma\u00dfnahmen des Arbeitgebers nicht immer mitbestimmungspflichtig\"}]},{\"@type\":\"WebSite\",\"@id\":\"https:\/\/wurll-jasper.de\/#website\",\"url\":\"https:\/\/wurll-jasper.de\/\",\"name\":\"Wurll Jasper + Kollegen\",\"description\":\"Die Kanzlei f\u00fcr Arbeitsrecht\",\"publisher\":{\"@id\":\"https:\/\/wurll-jasper.de\/#organization\"},\"potentialAction\":[{\"@type\":\"SearchAction\",\"target\":{\"@type\":\"EntryPoint\",\"urlTemplate\":\"https:\/\/wurll-jasper.de\/?s={search_term_string}\"},\"query-input\":\"required name=search_term_string\"}],\"inLanguage\":\"en-US\"},{\"@type\":\"Organization\",\"@id\":\"https:\/\/wurll-jasper.de\/#organization\",\"name\":\"Wurll Jasper + Kollegen\",\"url\":\"https:\/\/wurll-jasper.de\/\",\"logo\":{\"@type\":\"ImageObject\",\"inLanguage\":\"en-US\",\"@id\":\"https:\/\/wurll-jasper.de\/#\/schema\/logo\/image\/\",\"url\":\"https:\/\/wurll-jasper.de\/wp-content\/uploads\/Wurll_Logo_188-x-110-px_01.png\",\"contentUrl\":\"https:\/\/wurll-jasper.de\/wp-content\/uploads\/Wurll_Logo_188-x-110-px_01.png\",\"width\":188,\"height\":110,\"caption\":\"Wurll Jasper + Kollegen\"},\"image\":{\"@id\":\"https:\/\/wurll-jasper.de\/#\/schema\/logo\/image\/\"},\"sameAs\":[\"https:\/\/www.facebook.com\/wurllplus\/\",\"https:\/\/www.xing.com\/companies\/wurll+kollegendiekanzleifrarbeitsrecht\"]},{\"@type\":\"Person\",\"@id\":\"https:\/\/wurll-jasper.de\/#\/schema\/person\/c0eb21ef8220d7ac037f9e40abb93536\",\"name\":\"Guido Wurll\",\"url\":\"https:\/\/wurll-jasper.de\/en\/author\/guido-wurll\/\"}]}<\/script>\n<!-- \/ Yoast SEO plugin. -->","yoast_head_json":{"title":"Unordnung in B\u00fcros: Ma\u00dfnahmen des Arbeitgebers nicht immer mitbestimmungspflichtig - Wurll Jasper + Kollegen","robots":{"index":"index","follow":"follow","max-snippet":"max-snippet:-1","max-image-preview":"max-image-preview:large","max-video-preview":"max-video-preview:-1"},"canonical":"https:\/\/wurll-jasper.de\/en\/unordnung-in-bueros-massnahmen-des-arbeitgebers-nicht-immer-mitbestimmungspflichtig\/","og_locale":"en_US","og_type":"article","og_title":"Unordnung in B\u00fcros: Ma\u00dfnahmen des Arbeitgebers nicht immer mitbestimmungspflichtig - Wurll Jasper + Kollegen","og_description":"Ordnung im B\u00fcro \u2013 ein Thema, das viele Arbeitgeber besch\u00e4ftigt. Was ist am Arbeitsplatz erlaubt und was darf der Arbeitgeber hingegen nicht einseitig bestimmen, ohne den Betriebsrat zu beteiligen? Am 08. Juni 2016 entschied das Arbeitsgericht W\u00fcrzburg (12 BV 25\/15), dass man hierbei zwischen Anordnungen der betrieblichen Ordnung und solchen zur Arbeitsleistung differenzieren muss. Sachverhalt:...","og_url":"https:\/\/wurll-jasper.de\/en\/unordnung-in-bueros-massnahmen-des-arbeitgebers-nicht-immer-mitbestimmungspflichtig\/","og_site_name":"Wurll Jasper + Kollegen","article_publisher":"https:\/\/www.facebook.com\/wurllplus\/","article_published_time":"2016-10-25T07:45:28+00:00","og_image":[{"width":197,"height":110,"url":"https:\/\/wurll-jasper.de\/wp-content\/uploads\/WurllJasper_Logo_188-x-110-px_01.png","type":"image\/png"}],"author":"Guido Wurll","twitter_card":"summary_large_image","twitter_misc":{"Written by":"Guido Wurll","Est. reading time":"2 minutes"},"schema":{"@context":"https:\/\/schema.org","@graph":[{"@type":"Article","@id":"https:\/\/wurll-jasper.de\/en\/unordnung-in-bueros-massnahmen-des-arbeitgebers-nicht-immer-mitbestimmungspflichtig\/#article","isPartOf":{"@id":"https:\/\/wurll-jasper.de\/en\/unordnung-in-bueros-massnahmen-des-arbeitgebers-nicht-immer-mitbestimmungspflichtig\/"},"author":{"name":"Guido Wurll","@id":"https:\/\/wurll-jasper.de\/#\/schema\/person\/c0eb21ef8220d7ac037f9e40abb93536"},"headline":"Unordnung in B\u00fcros: Ma\u00dfnahmen des Arbeitgebers nicht immer mitbestimmungspflichtig","datePublished":"2016-10-25T07:45:28+00:00","dateModified":"2016-10-25T07:45:28+00:00","mainEntityOfPage":{"@id":"https:\/\/wurll-jasper.de\/en\/unordnung-in-bueros-massnahmen-des-arbeitgebers-nicht-immer-mitbestimmungspflichtig\/"},"wordCount":490,"publisher":{"@id":"https:\/\/wurll-jasper.de\/#organization"},"articleSection":["Common"],"inLanguage":"en-US"},{"@type":"WebPage","@id":"https:\/\/wurll-jasper.de\/en\/unordnung-in-bueros-massnahmen-des-arbeitgebers-nicht-immer-mitbestimmungspflichtig\/","url":"https:\/\/wurll-jasper.de\/en\/unordnung-in-bueros-massnahmen-des-arbeitgebers-nicht-immer-mitbestimmungspflichtig\/","name":"Unordnung in B\u00fcros: Ma\u00dfnahmen des Arbeitgebers nicht immer mitbestimmungspflichtig - Wurll Jasper + Kollegen","isPartOf":{"@id":"https:\/\/wurll-jasper.de\/#website"},"datePublished":"2016-10-25T07:45:28+00:00","dateModified":"2016-10-25T07:45:28+00:00","breadcrumb":{"@id":"https:\/\/wurll-jasper.de\/en\/unordnung-in-bueros-massnahmen-des-arbeitgebers-nicht-immer-mitbestimmungspflichtig\/#breadcrumb"},"inLanguage":"en-US","potentialAction":[{"@type":"ReadAction","target":["https:\/\/wurll-jasper.de\/en\/unordnung-in-bueros-massnahmen-des-arbeitgebers-nicht-immer-mitbestimmungspflichtig\/"]}]},{"@type":"BreadcrumbList","@id":"https:\/\/wurll-jasper.de\/en\/unordnung-in-bueros-massnahmen-des-arbeitgebers-nicht-immer-mitbestimmungspflichtig\/#breadcrumb","itemListElement":[{"@type":"ListItem","position":1,"name":"Startseite","item":"https:\/\/wurll-jasper.de\/en\/"},{"@type":"ListItem","position":2,"name":"Unordnung in B\u00fcros: Ma\u00dfnahmen des Arbeitgebers nicht immer mitbestimmungspflichtig"}]},{"@type":"WebSite","@id":"https:\/\/wurll-jasper.de\/#website","url":"https:\/\/wurll-jasper.de\/","name":"Wurll Jasper + Kollegen","description":"Die Kanzlei f\u00fcr Arbeitsrecht","publisher":{"@id":"https:\/\/wurll-jasper.de\/#organization"},"potentialAction":[{"@type":"SearchAction","target":{"@type":"EntryPoint","urlTemplate":"https:\/\/wurll-jasper.de\/?s={search_term_string}"},"query-input":"required name=search_term_string"}],"inLanguage":"en-US"},{"@type":"Organization","@id":"https:\/\/wurll-jasper.de\/#organization","name":"Wurll Jasper + Kollegen","url":"https:\/\/wurll-jasper.de\/","logo":{"@type":"ImageObject","inLanguage":"en-US","@id":"https:\/\/wurll-jasper.de\/#\/schema\/logo\/image\/","url":"https:\/\/wurll-jasper.de\/wp-content\/uploads\/Wurll_Logo_188-x-110-px_01.png","contentUrl":"https:\/\/wurll-jasper.de\/wp-content\/uploads\/Wurll_Logo_188-x-110-px_01.png","width":188,"height":110,"caption":"Wurll Jasper + Kollegen"},"image":{"@id":"https:\/\/wurll-jasper.de\/#\/schema\/logo\/image\/"},"sameAs":["https:\/\/www.facebook.com\/wurllplus\/","https:\/\/www.xing.com\/companies\/wurll+kollegendiekanzleifrarbeitsrecht"]},{"@type":"Person","@id":"https:\/\/wurll-jasper.de\/#\/schema\/person\/c0eb21ef8220d7ac037f9e40abb93536","name":"Guido Wurll","url":"https:\/\/wurll-jasper.de\/en\/author\/guido-wurll\/"}]}},"_links":{"self":[{"href":"https:\/\/wurll-jasper.de\/en\/wp-json\/wp\/v2\/posts\/2243"}],"collection":[{"href":"https:\/\/wurll-jasper.de\/en\/wp-json\/wp\/v2\/posts"}],"about":[{"href":"https:\/\/wurll-jasper.de\/en\/wp-json\/wp\/v2\/types\/post"}],"author":[{"embeddable":true,"href":"https:\/\/wurll-jasper.de\/en\/wp-json\/wp\/v2\/users\/7"}],"replies":[{"embeddable":true,"href":"https:\/\/wurll-jasper.de\/en\/wp-json\/wp\/v2\/comments?post=2243"}],"version-history":[{"count":0,"href":"https:\/\/wurll-jasper.de\/en\/wp-json\/wp\/v2\/posts\/2243\/revisions"}],"wp:attachment":[{"href":"https:\/\/wurll-jasper.de\/en\/wp-json\/wp\/v2\/media?parent=2243"}],"wp:term":[{"taxonomy":"category","embeddable":true,"href":"https:\/\/wurll-jasper.de\/en\/wp-json\/wp\/v2\/categories?post=2243"},{"taxonomy":"post_tag","embeddable":true,"href":"https:\/\/wurll-jasper.de\/en\/wp-json\/wp\/v2\/tags?post=2243"}],"curies":[{"name":"wp","href":"https:\/\/api.w.org\/{rel}","templated":true}]}}