{"id":2247,"date":"2015-07-24T17:30:47","date_gmt":"2015-07-24T15:30:47","guid":{"rendered":"https:\/\/wurll-jasper.de\/ipsum-dolor-sit-amet-consectetuer-comm\/"},"modified":"2015-07-24T17:30:47","modified_gmt":"2015-07-24T15:30:47","slug":"ipsum-dolor-sit-amet-consectetuer-comm","status":"publish","type":"post","link":"https:\/\/wurll-jasper.de\/en\/ipsum-dolor-sit-amet-consectetuer-comm\/","title":{"rendered":"Die neue Elternzeit und das neue Elterngeld"},"content":{"rendered":"<p>F\u00fcr Eltern, deren Kinder nach dem 1. Juli 2015 geboren werden, gelten neue Regeln zur Elternzeit und zum Elterngeld, die sich sowohl auf Arbeitgeber als auch Arbeitnehmer erheblich auswirken k\u00f6nnen.<\/p>\n<p>&nbsp;<\/p>\n<p><strong>1. Die neue Elternzeit (\u00a7\u00a7 15 und 16 BEEG): <\/strong><\/p>\n<p><strong>Neue Aufteilung der Elternzeit bis zum achten Geburtstag des Kindes<\/strong><\/p>\n<p>Eltern, deren Kinder nach dem 01.07.2015 geboren werden, k\u00f6nnen die Elternzeit zuk\u00fcnftig nicht mehr nur in zwei, sondern drei Teilabschnitte aufteilen. Wie bisher k\u00f6nnen Arbeitnehmer insgesamt drei Jahre Elternzeit in Anspruch nehmen. Allerdings ist es jetzt m\u00f6glich, einen Zeitanteil von bis zu 24 Monaten auf die Zeit zwischen dem dritten Geburtstag und dem achten Geburtstag des Kindes zu legen. Einer Zustimmung des Arbeitgebers zur Inanspruchnahme des Zeitanteils zwischen dem dritten und dem achten Geburtstag des Kindes bedarf es in diesem Fall nicht mehr.<\/p>\n<p><strong>Ablehnung nur aus dringenden betrieblichen Gr\u00fcnden<\/strong><\/p>\n<p>Der Arbeitgeber kann die Inanspruchnahme der Elternzeit allerdings innerhalb von acht Wochen nach Zugang des Antrags aus dringenden betrieblichen Gr\u00fcnden ablehnen, wenn es sich hierbei um den dritten Zeitanteil handelt und dieser innerhalb des dritten und des achten Geburtstages des Kindes liegen soll. An diese dringenden betrieblichen Gr\u00fcnde sollen hohe Anforderungen gestellt werden. In diesem Zusammenhang muss der Arbeitgeber darlegen, dass der dritte Elternzeitabschnitt zu erheblichen Beeintr\u00e4chtigungen betrieblicher Belange f\u00fchren w\u00fcrde.<\/p>\n<p><strong>L\u00e4ngere Ank\u00fcndigungsfrist f\u00fcr Elternzeit und Elternteilzeit nach dem dritten Geburtstag des Kindes<\/strong><\/p>\n<ul>\n<li>Bis zum vollendeten dritten Lebensjahr des Kindes bleibt es bei der Frist von sieben Wochen vor Beginn der Elternzeit.<\/li>\n<\/ul>\n<ul>\n<li>Wird Elternzeit zwischen dem dritten Geburtstag und dem achten Geburtstag des Kindes verlangt, muss die Elternzeit mindestens 13 Wochen vor Inanspruchnahme verlangt werden.<\/li>\n<\/ul>\n<ul>\n<li>F\u00fcr Elternzeit, die vor dem dritten Geburtstag beginnt und ohne Unterbrechung dar\u00fcber hinaus andauert, muss f\u00fcr den Anteil vor dem dritten Geburtstag die Frist von sieben Wochen, f\u00fcr den Anteil nach dem dritten Geburtstag die Frist von 13 Wochen eingehalten werden.<\/li>\n<\/ul>\n<ul>\n<li>Wird w\u00e4hrend der Elternzeit nach dem dritten Geburtstag des Kindes Elternteilzeit verlangt, gilt auch hier eine Ank\u00fcndigungsfrist von 13 Wochen.<\/li>\n<\/ul>\n<p><strong>Elternzeit bei Arbeitgeberwechsel<\/strong><\/p>\n<p>Kommt es in Arbeitsverh\u00e4ltnissen zwischen dem dritten und dem achten Geburtstag des Kindes zu einem Arbeitgeberwechsel, bleibt die in den ersten drei Lebensjahren des Kindes nicht in Anspruch genommene Elternzeit erhalten. Arbeitgeber m\u00fcssen daher bei Neueinstellungen damit rechnen, dass der Arbeitnehmer m\u00f6glicherweise noch bis zu zwei Jahre Elternzeit in Anspruch nehmen kann. \u00dcber die nicht genommene Elternzeit hat der bisherige Arbeitgeber eine Bescheinigung zu erstellen.<\/p>\n<p><strong>Besonderer K\u00fcndigungsschutz<\/strong><\/p>\n<p>W\u00e4hrend der Elternzeit besteht wie bisher K\u00fcndigungsschutz.<\/p>\n<p>Vor Beginn der Elternzeit besteht K\u00fcndigungsschutz<\/p>\n<ul>\n<li>bis zum vollendeten dritten Lebensjahr des Kindes, fr\u00fchestens acht Wochen vor Beginn der Elternzeit und<\/li>\n<\/ul>\n<ul>\n<li>zwischen dem dritten Geburtstag und dem achten Geburtstag des Kindes, fr\u00fchestens 14 Wochen vor Beginn der Elternzeit.<\/li>\n<\/ul>\n<p><strong>Zustimmungsfiktion hinsichtlich der Elternteilzeit<\/strong><\/p>\n<p>W\u00e4hrend der Elternzeit k\u00f6nnen Arbeitnehmer wie bisher eine Teilzeitbesch\u00e4ftigung bis zu 30 Wochenarbeitsstunden verlangen. Neu ist, dass hier eine Zustimmungsfiktion eingef\u00fchrt wurde, die der des TzBfG entspricht.<\/p>\n<p>Die Elternteilzeit gilt kraft Gesetzes als erteilt, wenn<\/p>\n<ul>\n<li>der Arbeitgeber diese bei einer Elternzeit zwischen der Geburt und dem vollendeten dritten Lebensjahr des Kindes nicht sp\u00e4testens vier Wochen nach Zugang des Antrags oder<\/li>\n<\/ul>\n<ul>\n<li>bei einer Elternzeit zwischen dem dritten und dem achten Geburtstag des Kindes nicht sp\u00e4testens acht Wochen ab Zugang des Antrags<\/li>\n<\/ul>\n<p>schriftlich ablehnt.<\/p>\n<p>&nbsp;<\/p>\n<p><strong>2. Das neue Elterngeld<\/strong><\/p>\n<p><strong>Elterngeld Plus<\/strong><\/p>\n<p>Nach bisheriger Rechtslage konnten Eltern bis zur Vollendung des 14. Lebensmonats des Kindes Elterngeld (Basiselterngeld) beziehen.<\/p>\n<p>Nach neuer Rechtslage kann das neue Elterngeld Plus auch nach dem 14. Lebensmonat bezogen werden, solange es ab dem 15. Lebensmonat in aufeinanderfolgenden Lebensmonaten zumindest von einem Elternteil in Anspruch genommen wird. Jeder Elternteil kann statt eines Elterngeldmonats zwei Elterngeld Plus-Monate in Anspruch nehmen und damit die gesamte Bezugszeit verdoppeln. Das Elterngeld Plus betr\u00e4gt dann monatlich h\u00f6chstens die H\u00e4lfte des Elterngeldes, das ohne Einkommen gezahlt w\u00fcrde. Das \u201ealte\u201c Elterngeld bietet sich damit in der Phase ohne Erwerbseinkommen oder nur mit geringem Einkommen an. In der Phase einer Teilzeitbesch\u00e4ftigung mit einem h\u00f6heren Besch\u00e4ftigungsumfang und h\u00f6herem Einkommen empfiehlt sich der Bezug von Elterngeld Plus. Paare k\u00f6nnen damit bis zu 14 Monate gleichzeitig Elterngeld beziehen und bis zu 30 Stunden pro Woche arbeiten.<\/p>\n<p><strong>Der Partnerschaftsbonus<\/strong><\/p>\n<p>Sind beide Elternteile in vier aufeinanderfolgenden Lebensmonaten des Kindes gleichzeitig durchschnittlich zwischen 25 und 30 Wochenstunden erwerbst\u00e4tig, so hat jeder Elternteil f\u00fcr diese vier Monate einen weiteren Anspruch auf Elterngeld plus.<\/p>\n<p>&nbsp;<\/p>\n<p><strong>3. Fazit:<\/strong><\/p>\n<p>Die \u00c4nderungen der Elternzeit und des Elterngeldes sollen einerseits die Rechte der Eltern, die Elternzeit beantragen m\u00f6chten, erheblich st\u00e4rken. Im Gegenzug soll die Anzahl der Eltern, die sich fr\u00fchzeitig f\u00fcr eine R\u00fcckkehr an ihren Arbeitsplatz in sog. vollzeitnaher Teilzeit entscheiden, durch Anreize beim Elterngeld erh\u00f6ht werden. F\u00fcr die Arbeitgeber bedeutet insbesondere die \u00c4nderung bei der Elternzeit hingegen eine erhebliche Unsicherheit hinsichtlich der Zeiten und Abschnitte, in denen Elternzeit beantragt werden kann. Es bleibt daher abzuwarten, wie sich die \u00c4nderungen in der Praxis letztlich durchsetzen.<\/p>\n<p>Guido Wurll<br \/>\nFachanwalt f\u00fcr Arbeitsrecht, Rechtsanwalt<\/p>\n","protected":false},"excerpt":{"rendered":"<p>F\u00fcr Eltern, deren Kinder nach dem 1. Juli 2015 geboren werden, gelten neue Regeln zur Elternzeit und zum Elterngeld, die sich sowohl auf Arbeitgeber als auch Arbeitnehmer erheblich auswirken k\u00f6nnen. &nbsp; 1. Die neue Elternzeit (\u00a7\u00a7 15 und 16 BEEG): Neue Aufteilung der Elternzeit bis zum achten Geburtstag des Kindes Eltern, deren Kinder nach dem&#8230;<\/p>\n","protected":false},"author":1,"featured_media":0,"comment_status":"closed","ping_status":"closed","sticky":false,"template":"","format":"standard","meta":{"footnotes":""},"categories":[7],"tags":[],"yoast_head":"<!-- This site is optimized with the Yoast SEO plugin v21.5 - https:\/\/yoast.com\/wordpress\/plugins\/seo\/ -->\n<title>Die neue Elternzeit und das neue Elterngeld - Wurll Jasper + Kollegen<\/title>\n<meta name=\"robots\" content=\"index, follow, max-snippet:-1, max-image-preview:large, max-video-preview:-1\" \/>\n<link rel=\"canonical\" href=\"https:\/\/wurll-jasper.de\/en\/ipsum-dolor-sit-amet-consectetuer-comm\/\" \/>\n<meta property=\"og:locale\" content=\"en_US\" \/>\n<meta property=\"og:type\" content=\"article\" \/>\n<meta property=\"og:title\" content=\"Die neue Elternzeit und das neue Elterngeld - Wurll Jasper + Kollegen\" \/>\n<meta property=\"og:description\" content=\"F\u00fcr Eltern, deren Kinder nach dem 1. Juli 2015 geboren werden, gelten neue Regeln zur Elternzeit und zum Elterngeld, die sich sowohl auf Arbeitgeber als auch Arbeitnehmer erheblich auswirken k\u00f6nnen. &nbsp; 1. Die neue Elternzeit (\u00a7\u00a7 15 und 16 BEEG): Neue Aufteilung der Elternzeit bis zum achten Geburtstag des Kindes Eltern, deren Kinder nach dem...\" \/>\n<meta property=\"og:url\" content=\"https:\/\/wurll-jasper.de\/en\/ipsum-dolor-sit-amet-consectetuer-comm\/\" \/>\n<meta property=\"og:site_name\" content=\"Wurll Jasper + Kollegen\" \/>\n<meta property=\"article:publisher\" content=\"https:\/\/www.facebook.com\/wurllplus\/\" \/>\n<meta property=\"article:published_time\" content=\"2015-07-24T15:30:47+00:00\" \/>\n<meta property=\"og:image\" content=\"https:\/\/wurll-jasper.de\/wp-content\/uploads\/WurllJasper_Logo_188-x-110-px_01.png\" \/>\n\t<meta property=\"og:image:width\" content=\"197\" \/>\n\t<meta property=\"og:image:height\" content=\"110\" \/>\n\t<meta property=\"og:image:type\" content=\"image\/png\" \/>\n<meta name=\"author\" content=\"WP_WP\" \/>\n<meta name=\"twitter:card\" content=\"summary_large_image\" \/>\n<meta name=\"twitter:label1\" content=\"Written by\" \/>\n\t<meta name=\"twitter:data1\" content=\"WP_WP\" \/>\n\t<meta name=\"twitter:label2\" content=\"Est. reading time\" \/>\n\t<meta name=\"twitter:data2\" content=\"4 minutes\" \/>\n<script type=\"application\/ld+json\" class=\"yoast-schema-graph\">{\"@context\":\"https:\/\/schema.org\",\"@graph\":[{\"@type\":\"Article\",\"@id\":\"https:\/\/wurll-jasper.de\/en\/ipsum-dolor-sit-amet-consectetuer-comm\/#article\",\"isPartOf\":{\"@id\":\"https:\/\/wurll-jasper.de\/en\/ipsum-dolor-sit-amet-consectetuer-comm\/\"},\"author\":{\"name\":\"WP_WP\",\"@id\":\"https:\/\/wurll-jasper.de\/#\/schema\/person\/26672498bb97fbf79c958bb6eac6f436\"},\"headline\":\"Die neue Elternzeit und das neue Elterngeld\",\"datePublished\":\"2015-07-24T15:30:47+00:00\",\"dateModified\":\"2015-07-24T15:30:47+00:00\",\"mainEntityOfPage\":{\"@id\":\"https:\/\/wurll-jasper.de\/en\/ipsum-dolor-sit-amet-consectetuer-comm\/\"},\"wordCount\":835,\"publisher\":{\"@id\":\"https:\/\/wurll-jasper.de\/#organization\"},\"articleSection\":[\"Common\"],\"inLanguage\":\"en-US\"},{\"@type\":\"WebPage\",\"@id\":\"https:\/\/wurll-jasper.de\/en\/ipsum-dolor-sit-amet-consectetuer-comm\/\",\"url\":\"https:\/\/wurll-jasper.de\/en\/ipsum-dolor-sit-amet-consectetuer-comm\/\",\"name\":\"Die neue Elternzeit und das neue Elterngeld - Wurll Jasper + Kollegen\",\"isPartOf\":{\"@id\":\"https:\/\/wurll-jasper.de\/#website\"},\"datePublished\":\"2015-07-24T15:30:47+00:00\",\"dateModified\":\"2015-07-24T15:30:47+00:00\",\"breadcrumb\":{\"@id\":\"https:\/\/wurll-jasper.de\/en\/ipsum-dolor-sit-amet-consectetuer-comm\/#breadcrumb\"},\"inLanguage\":\"en-US\",\"potentialAction\":[{\"@type\":\"ReadAction\",\"target\":[\"https:\/\/wurll-jasper.de\/en\/ipsum-dolor-sit-amet-consectetuer-comm\/\"]}]},{\"@type\":\"BreadcrumbList\",\"@id\":\"https:\/\/wurll-jasper.de\/en\/ipsum-dolor-sit-amet-consectetuer-comm\/#breadcrumb\",\"itemListElement\":[{\"@type\":\"ListItem\",\"position\":1,\"name\":\"Startseite\",\"item\":\"https:\/\/wurll-jasper.de\/en\/\"},{\"@type\":\"ListItem\",\"position\":2,\"name\":\"Die neue Elternzeit und das neue Elterngeld\"}]},{\"@type\":\"WebSite\",\"@id\":\"https:\/\/wurll-jasper.de\/#website\",\"url\":\"https:\/\/wurll-jasper.de\/\",\"name\":\"Wurll Jasper + Kollegen\",\"description\":\"Die Kanzlei f\u00fcr Arbeitsrecht\",\"publisher\":{\"@id\":\"https:\/\/wurll-jasper.de\/#organization\"},\"potentialAction\":[{\"@type\":\"SearchAction\",\"target\":{\"@type\":\"EntryPoint\",\"urlTemplate\":\"https:\/\/wurll-jasper.de\/?s={search_term_string}\"},\"query-input\":\"required name=search_term_string\"}],\"inLanguage\":\"en-US\"},{\"@type\":\"Organization\",\"@id\":\"https:\/\/wurll-jasper.de\/#organization\",\"name\":\"Wurll Jasper + Kollegen\",\"url\":\"https:\/\/wurll-jasper.de\/\",\"logo\":{\"@type\":\"ImageObject\",\"inLanguage\":\"en-US\",\"@id\":\"https:\/\/wurll-jasper.de\/#\/schema\/logo\/image\/\",\"url\":\"https:\/\/wurll-jasper.de\/wp-content\/uploads\/Wurll_Logo_188-x-110-px_01.png\",\"contentUrl\":\"https:\/\/wurll-jasper.de\/wp-content\/uploads\/Wurll_Logo_188-x-110-px_01.png\",\"width\":188,\"height\":110,\"caption\":\"Wurll Jasper + Kollegen\"},\"image\":{\"@id\":\"https:\/\/wurll-jasper.de\/#\/schema\/logo\/image\/\"},\"sameAs\":[\"https:\/\/www.facebook.com\/wurllplus\/\",\"https:\/\/www.xing.com\/companies\/wurll+kollegendiekanzleifrarbeitsrecht\"]},{\"@type\":\"Person\",\"@id\":\"https:\/\/wurll-jasper.de\/#\/schema\/person\/26672498bb97fbf79c958bb6eac6f436\",\"name\":\"WP_WP\",\"url\":\"https:\/\/wurll-jasper.de\/en\/author\/wp_wp\/\"}]}<\/script>\n<!-- \/ Yoast SEO plugin. -->","yoast_head_json":{"title":"Die neue Elternzeit und das neue Elterngeld - Wurll Jasper + Kollegen","robots":{"index":"index","follow":"follow","max-snippet":"max-snippet:-1","max-image-preview":"max-image-preview:large","max-video-preview":"max-video-preview:-1"},"canonical":"https:\/\/wurll-jasper.de\/en\/ipsum-dolor-sit-amet-consectetuer-comm\/","og_locale":"en_US","og_type":"article","og_title":"Die neue Elternzeit und das neue Elterngeld - Wurll Jasper + Kollegen","og_description":"F\u00fcr Eltern, deren Kinder nach dem 1. Juli 2015 geboren werden, gelten neue Regeln zur Elternzeit und zum Elterngeld, die sich sowohl auf Arbeitgeber als auch Arbeitnehmer erheblich auswirken k\u00f6nnen. &nbsp; 1. Die neue Elternzeit (\u00a7\u00a7 15 und 16 BEEG): Neue Aufteilung der Elternzeit bis zum achten Geburtstag des Kindes Eltern, deren Kinder nach dem...","og_url":"https:\/\/wurll-jasper.de\/en\/ipsum-dolor-sit-amet-consectetuer-comm\/","og_site_name":"Wurll Jasper + Kollegen","article_publisher":"https:\/\/www.facebook.com\/wurllplus\/","article_published_time":"2015-07-24T15:30:47+00:00","og_image":[{"width":197,"height":110,"url":"https:\/\/wurll-jasper.de\/wp-content\/uploads\/WurllJasper_Logo_188-x-110-px_01.png","type":"image\/png"}],"author":"WP_WP","twitter_card":"summary_large_image","twitter_misc":{"Written by":"WP_WP","Est. reading time":"4 minutes"},"schema":{"@context":"https:\/\/schema.org","@graph":[{"@type":"Article","@id":"https:\/\/wurll-jasper.de\/en\/ipsum-dolor-sit-amet-consectetuer-comm\/#article","isPartOf":{"@id":"https:\/\/wurll-jasper.de\/en\/ipsum-dolor-sit-amet-consectetuer-comm\/"},"author":{"name":"WP_WP","@id":"https:\/\/wurll-jasper.de\/#\/schema\/person\/26672498bb97fbf79c958bb6eac6f436"},"headline":"Die neue Elternzeit und das neue Elterngeld","datePublished":"2015-07-24T15:30:47+00:00","dateModified":"2015-07-24T15:30:47+00:00","mainEntityOfPage":{"@id":"https:\/\/wurll-jasper.de\/en\/ipsum-dolor-sit-amet-consectetuer-comm\/"},"wordCount":835,"publisher":{"@id":"https:\/\/wurll-jasper.de\/#organization"},"articleSection":["Common"],"inLanguage":"en-US"},{"@type":"WebPage","@id":"https:\/\/wurll-jasper.de\/en\/ipsum-dolor-sit-amet-consectetuer-comm\/","url":"https:\/\/wurll-jasper.de\/en\/ipsum-dolor-sit-amet-consectetuer-comm\/","name":"Die neue Elternzeit und das neue Elterngeld - Wurll Jasper + Kollegen","isPartOf":{"@id":"https:\/\/wurll-jasper.de\/#website"},"datePublished":"2015-07-24T15:30:47+00:00","dateModified":"2015-07-24T15:30:47+00:00","breadcrumb":{"@id":"https:\/\/wurll-jasper.de\/en\/ipsum-dolor-sit-amet-consectetuer-comm\/#breadcrumb"},"inLanguage":"en-US","potentialAction":[{"@type":"ReadAction","target":["https:\/\/wurll-jasper.de\/en\/ipsum-dolor-sit-amet-consectetuer-comm\/"]}]},{"@type":"BreadcrumbList","@id":"https:\/\/wurll-jasper.de\/en\/ipsum-dolor-sit-amet-consectetuer-comm\/#breadcrumb","itemListElement":[{"@type":"ListItem","position":1,"name":"Startseite","item":"https:\/\/wurll-jasper.de\/en\/"},{"@type":"ListItem","position":2,"name":"Die neue Elternzeit und das neue Elterngeld"}]},{"@type":"WebSite","@id":"https:\/\/wurll-jasper.de\/#website","url":"https:\/\/wurll-jasper.de\/","name":"Wurll Jasper + Kollegen","description":"Die Kanzlei f\u00fcr Arbeitsrecht","publisher":{"@id":"https:\/\/wurll-jasper.de\/#organization"},"potentialAction":[{"@type":"SearchAction","target":{"@type":"EntryPoint","urlTemplate":"https:\/\/wurll-jasper.de\/?s={search_term_string}"},"query-input":"required name=search_term_string"}],"inLanguage":"en-US"},{"@type":"Organization","@id":"https:\/\/wurll-jasper.de\/#organization","name":"Wurll Jasper + Kollegen","url":"https:\/\/wurll-jasper.de\/","logo":{"@type":"ImageObject","inLanguage":"en-US","@id":"https:\/\/wurll-jasper.de\/#\/schema\/logo\/image\/","url":"https:\/\/wurll-jasper.de\/wp-content\/uploads\/Wurll_Logo_188-x-110-px_01.png","contentUrl":"https:\/\/wurll-jasper.de\/wp-content\/uploads\/Wurll_Logo_188-x-110-px_01.png","width":188,"height":110,"caption":"Wurll Jasper + Kollegen"},"image":{"@id":"https:\/\/wurll-jasper.de\/#\/schema\/logo\/image\/"},"sameAs":["https:\/\/www.facebook.com\/wurllplus\/","https:\/\/www.xing.com\/companies\/wurll+kollegendiekanzleifrarbeitsrecht"]},{"@type":"Person","@id":"https:\/\/wurll-jasper.de\/#\/schema\/person\/26672498bb97fbf79c958bb6eac6f436","name":"WP_WP","url":"https:\/\/wurll-jasper.de\/en\/author\/wp_wp\/"}]}},"_links":{"self":[{"href":"https:\/\/wurll-jasper.de\/en\/wp-json\/wp\/v2\/posts\/2247"}],"collection":[{"href":"https:\/\/wurll-jasper.de\/en\/wp-json\/wp\/v2\/posts"}],"about":[{"href":"https:\/\/wurll-jasper.de\/en\/wp-json\/wp\/v2\/types\/post"}],"author":[{"embeddable":true,"href":"https:\/\/wurll-jasper.de\/en\/wp-json\/wp\/v2\/users\/1"}],"replies":[{"embeddable":true,"href":"https:\/\/wurll-jasper.de\/en\/wp-json\/wp\/v2\/comments?post=2247"}],"version-history":[{"count":0,"href":"https:\/\/wurll-jasper.de\/en\/wp-json\/wp\/v2\/posts\/2247\/revisions"}],"wp:attachment":[{"href":"https:\/\/wurll-jasper.de\/en\/wp-json\/wp\/v2\/media?parent=2247"}],"wp:term":[{"taxonomy":"category","embeddable":true,"href":"https:\/\/wurll-jasper.de\/en\/wp-json\/wp\/v2\/categories?post=2247"},{"taxonomy":"post_tag","embeddable":true,"href":"https:\/\/wurll-jasper.de\/en\/wp-json\/wp\/v2\/tags?post=2247"}],"curies":[{"name":"wp","href":"https:\/\/api.w.org\/{rel}","templated":true}]}}