{"id":2273,"date":"2022-01-04T09:24:50","date_gmt":"2022-01-04T08:24:50","guid":{"rendered":"https:\/\/wurll-jasper.de\/?p=2273"},"modified":"2022-01-04T09:24:50","modified_gmt":"2022-01-04T08:24:50","slug":"betrieblicher-datenschutzbeauftragter-und-betriebsrat-bag-beschluss-vom-27-4-2021-9-azr-383-19","status":"publish","type":"post","link":"https:\/\/wurll-jasper.de\/en\/betrieblicher-datenschutzbeauftragter-und-betriebsrat-bag-beschluss-vom-27-4-2021-9-azr-383-19\/","title":{"rendered":"Betrieblicher Datenschutzbeauftragter und Betriebsrat (BAG, Beschluss vom 27.4.2021 \u2013 9 AZR 383\/19)"},"content":{"rendered":"<p><strong>Problemaufriss<\/strong><\/p>\n<p>Ein Datenschutzbeauftragter ist in Unternehmen mit mehr als 20 Besch\u00e4ftigten in der Datenverarbeitung Pflicht. Unternehmen k\u00f6nnen hierbei auf externe Datenschutzbeauftragte zur\u00fcckgreifen oder einen eigenen Mitarbeiter als Datenschutzbeauftragten einsetzen (sog. betrieblicher Datenschutzbeauftragter). In diesem Zusammenhang stellt sich die Frage, ob diese Funktion auch ein Mitarbeiter bekleiden kann, der gleichzeitig Betriebsratsmitglied ist.<\/p>\n<p><strong>Der Fall<\/strong><\/p>\n<p>Der Arbeitgeber hatte den Arbeitnehmer und gleichzeitigen Betriebsratsvorsitzenden vom Amt des Datenschutzbeauftragten abberufen. Vor der Abberufung hatte der zust\u00e4ndige Landesbeauftragte f\u00fcr Datenschutz und Informationsfreiheit beanstandet, dass der Betriebsratsvorsitzende nicht \u00fcber die datenschutzrechtlich notwendige Zuverl\u00e4ssigkeit verf\u00fcge, um das Amt des betrieblichen Datenschutzbeauftragten auszu\u00fcben. Der Betriebsratsvorsitzende hatte gegen die Abberufung vor dem Arbeitsgericht Dresden geklagt. Im Prozess stritten die Parteien insbesondere dar\u00fcber, ob es mit dem Amt des Datenschutzbeauftragten vereinbar ist, dass der Kl\u00e4ger zugleich Betriebsratsvorsitzender ist. Das Arbeitsgericht und das Landesarbeitsgericht Sachsen gaben der Klage statt, da sie beide mangels Vorliegens eines wichtigen Grundes im Sinne von \u00a7 626 BGB keinen Abberufungsgrund nach deutschem Recht gesehen haben.<\/p>\n<p><strong>Die Vorlage des BAG<\/strong><\/p>\n<p>Das Bundesarbeitsgericht (BAG) hat ebenfalls keinen Abberufungsgrund nach deutschem Recht gesehen. Da die deutschen Regelungen, die Abberufungsm\u00f6glichkeit von Datenschutzbeauftragten jedoch weiter einschr\u00e4nken als die Regelugen der DSGVO, hat das BAG dem EuGH die Frage vorgelegt, ob dies unionsrechtskonform sei. Falls der EuGH (wie das BAG) keinen Unionsrechtsversto\u00df darin sehen sollte, m\u00f6chte das BAG au\u00dferdem wissen, ob das Amt des Datenschutzbeauftragten und des Betriebsratsvorsitzenden in Personalunion ausge\u00fcbt werden darf oder ob dies zu einem Interessenkonflikt nach der DSGVO f\u00fchrt.<\/p>\n<p><strong>Ausblick<\/strong><\/p>\n<p>Zwar hatte das BAG im Jahr 2011 (vor Inkrafttreten der DSGVO) einmal entschieden, dass die Mitgliedschaft im Betriebsrat mit dem Amt des Datenschutzbeauftragten vereinbar ist. Ob an dieser Entscheidung festgehalten werden kann, ist jedoch offensichtlich auch f\u00fcr das BAG nunmehr fraglich. Nach der Vorlage des BAG an den EuGH ist zwischenzeitlich am 18.06.2021 das Betriebsr\u00e4temodernisierungsgesetz in Kraft getreten, wonach der Betriebsrat gem\u00e4\u00df \u00a7 79a BetrVG zur Einhaltung der datenschutzrechtlichen Vorschriften angehalten wird. In \u00a7 79a Satz 4 BetrVG ist geregelt, dass der Datenschutzbeauftragte gegen\u00fcber dem Arbeitgeber zur Verschwiegenheit \u00fcber Informationen verpflichtet ist, die R\u00fcckschl\u00fcsse auf den Meinungsbildungsprozess des Betriebsrates zulassen. Die Regelung verdeutlicht noch einmal, dass der Datenschutzbeauftragte auch den Betriebsrat wegen der Einhaltung datenschutzrechtlicher Vorgaben \u00fcberpr\u00fcfen darf und soll. Es d\u00fcrfte f\u00fcr das in Personalunion t\u00e4tige Betriebsratsmitglied schwierig sein, den Pflichten als Datenschutzbeauftragter gegen\u00fcber dem eigenen Gremium neutral nachzukommen.<\/p>\n<p>Wenn die Aufsichtsbeh\u00f6rde die Abberufung verlangt, die Arbeitsgerichte jedoch eine Abberufung f\u00fcr unwirksam erachten, stellt sich in der Praxis das unbefriedigende Problem, dass der Arbeitgeber schon nicht die M\u00f6glichkeit hat, sich rechtskonform zu verhalten. Insoweit w\u00e4re eine Klarstellung des EuGH begr\u00fc\u00dfenswert.<\/p>\n<p><strong>\u00a0<\/strong><\/p>\n<p>Andreas Jakobs (Fachanwalt f\u00fcr Arbeitsrecht)<\/p>\n<p>&nbsp;<\/p>\n","protected":false},"excerpt":{"rendered":"<p>Problemaufriss Ein Datenschutzbeauftragter ist in Unternehmen mit mehr als 20 Besch\u00e4ftigten in der Datenverarbeitung Pflicht. Unternehmen k\u00f6nnen hierbei auf externe Datenschutzbeauftragte zur\u00fcckgreifen oder einen eigenen Mitarbeiter als Datenschutzbeauftragten einsetzen (sog. betrieblicher Datenschutzbeauftragter). In diesem Zusammenhang stellt sich die Frage, ob diese Funktion auch ein Mitarbeiter bekleiden kann, der gleichzeitig Betriebsratsmitglied ist. Der Fall Der Arbeitgeber&#8230;<\/p>\n","protected":false},"author":6,"featured_media":0,"comment_status":"closed","ping_status":"closed","sticky":false,"template":"","format":"standard","meta":{"footnotes":""},"categories":[1],"tags":[],"yoast_head":"<!-- This site is optimized with the Yoast SEO plugin v21.5 - https:\/\/yoast.com\/wordpress\/plugins\/seo\/ -->\n<title>Betrieblicher Datenschutzbeauftragter und Betriebsrat (BAG, Beschluss vom 27.4.2021 \u2013 9 AZR 383\/19) - Wurll Jasper + Kollegen<\/title>\n<meta name=\"robots\" content=\"index, follow, max-snippet:-1, max-image-preview:large, max-video-preview:-1\" \/>\n<link rel=\"canonical\" href=\"https:\/\/wurll-jasper.de\/betrieblicher-datenschutzbeauftragter-und-betriebsrat-bag-beschluss-vom-27-4-2021-9-azr-383-19\/\" \/>\n<meta property=\"og:locale\" content=\"en_US\" \/>\n<meta property=\"og:type\" content=\"article\" \/>\n<meta property=\"og:title\" content=\"Betrieblicher Datenschutzbeauftragter und Betriebsrat (BAG, Beschluss vom 27.4.2021 \u2013 9 AZR 383\/19) - Wurll Jasper + Kollegen\" \/>\n<meta property=\"og:description\" content=\"Problemaufriss Ein Datenschutzbeauftragter ist in Unternehmen mit mehr als 20 Besch\u00e4ftigten in der Datenverarbeitung Pflicht. Unternehmen k\u00f6nnen hierbei auf externe Datenschutzbeauftragte zur\u00fcckgreifen oder einen eigenen Mitarbeiter als Datenschutzbeauftragten einsetzen (sog. betrieblicher Datenschutzbeauftragter). In diesem Zusammenhang stellt sich die Frage, ob diese Funktion auch ein Mitarbeiter bekleiden kann, der gleichzeitig Betriebsratsmitglied ist. Der Fall Der Arbeitgeber...\" \/>\n<meta property=\"og:url\" content=\"https:\/\/wurll-jasper.de\/betrieblicher-datenschutzbeauftragter-und-betriebsrat-bag-beschluss-vom-27-4-2021-9-azr-383-19\/\" \/>\n<meta property=\"og:site_name\" content=\"Wurll Jasper + Kollegen\" \/>\n<meta property=\"article:publisher\" content=\"https:\/\/www.facebook.com\/wurllplus\/\" \/>\n<meta property=\"article:published_time\" content=\"2022-01-04T08:24:50+00:00\" \/>\n<meta property=\"og:image\" content=\"https:\/\/wurll-jasper.de\/wp-content\/uploads\/WurllJasper_Logo_188-x-110-px_01.png\" \/>\n\t<meta property=\"og:image:width\" content=\"197\" \/>\n\t<meta property=\"og:image:height\" content=\"110\" \/>\n\t<meta property=\"og:image:type\" content=\"image\/png\" \/>\n<meta name=\"author\" content=\"Raoul Jasper\" \/>\n<meta name=\"twitter:card\" content=\"summary_large_image\" \/>\n<meta name=\"twitter:label1\" content=\"Written by\" \/>\n\t<meta name=\"twitter:data1\" content=\"Raoul Jasper\" \/>\n\t<meta name=\"twitter:label2\" content=\"Est. reading time\" \/>\n\t<meta name=\"twitter:data2\" content=\"2 minutes\" \/>\n<script type=\"application\/ld+json\" class=\"yoast-schema-graph\">{\"@context\":\"https:\/\/schema.org\",\"@graph\":[{\"@type\":\"Article\",\"@id\":\"https:\/\/wurll-jasper.de\/betrieblicher-datenschutzbeauftragter-und-betriebsrat-bag-beschluss-vom-27-4-2021-9-azr-383-19\/#article\",\"isPartOf\":{\"@id\":\"https:\/\/wurll-jasper.de\/betrieblicher-datenschutzbeauftragter-und-betriebsrat-bag-beschluss-vom-27-4-2021-9-azr-383-19\/\"},\"author\":{\"name\":\"Raoul Jasper\",\"@id\":\"https:\/\/wurll-jasper.de\/#\/schema\/person\/062f45f4cc0ce074e58e2854dfb08b9b\"},\"headline\":\"Betrieblicher Datenschutzbeauftragter und Betriebsrat (BAG, Beschluss vom 27.4.2021 \u2013 9 AZR 383\/19)\",\"datePublished\":\"2022-01-04T08:24:50+00:00\",\"dateModified\":\"2022-01-04T08:24:50+00:00\",\"mainEntityOfPage\":{\"@id\":\"https:\/\/wurll-jasper.de\/betrieblicher-datenschutzbeauftragter-und-betriebsrat-bag-beschluss-vom-27-4-2021-9-azr-383-19\/\"},\"wordCount\":461,\"publisher\":{\"@id\":\"https:\/\/wurll-jasper.de\/#organization\"},\"articleSection\":[\"Allgemein\"],\"inLanguage\":\"en-US\"},{\"@type\":\"WebPage\",\"@id\":\"https:\/\/wurll-jasper.de\/betrieblicher-datenschutzbeauftragter-und-betriebsrat-bag-beschluss-vom-27-4-2021-9-azr-383-19\/\",\"url\":\"https:\/\/wurll-jasper.de\/betrieblicher-datenschutzbeauftragter-und-betriebsrat-bag-beschluss-vom-27-4-2021-9-azr-383-19\/\",\"name\":\"Betrieblicher Datenschutzbeauftragter und Betriebsrat (BAG, Beschluss vom 27.4.2021 \u2013 9 AZR 383\/19) - Wurll Jasper + Kollegen\",\"isPartOf\":{\"@id\":\"https:\/\/wurll-jasper.de\/#website\"},\"datePublished\":\"2022-01-04T08:24:50+00:00\",\"dateModified\":\"2022-01-04T08:24:50+00:00\",\"breadcrumb\":{\"@id\":\"https:\/\/wurll-jasper.de\/betrieblicher-datenschutzbeauftragter-und-betriebsrat-bag-beschluss-vom-27-4-2021-9-azr-383-19\/#breadcrumb\"},\"inLanguage\":\"en-US\",\"potentialAction\":[{\"@type\":\"ReadAction\",\"target\":[\"https:\/\/wurll-jasper.de\/betrieblicher-datenschutzbeauftragter-und-betriebsrat-bag-beschluss-vom-27-4-2021-9-azr-383-19\/\"]}]},{\"@type\":\"BreadcrumbList\",\"@id\":\"https:\/\/wurll-jasper.de\/betrieblicher-datenschutzbeauftragter-und-betriebsrat-bag-beschluss-vom-27-4-2021-9-azr-383-19\/#breadcrumb\",\"itemListElement\":[{\"@type\":\"ListItem\",\"position\":1,\"name\":\"Startseite\",\"item\":\"https:\/\/wurll-jasper.de\/en\/\"},{\"@type\":\"ListItem\",\"position\":2,\"name\":\"Betrieblicher Datenschutzbeauftragter und Betriebsrat (BAG, Beschluss vom 27.4.2021 \u2013 9 AZR 383\/19)\"}]},{\"@type\":\"WebSite\",\"@id\":\"https:\/\/wurll-jasper.de\/#website\",\"url\":\"https:\/\/wurll-jasper.de\/\",\"name\":\"Wurll Jasper + Kollegen\",\"description\":\"Die Kanzlei f\u00fcr Arbeitsrecht\",\"publisher\":{\"@id\":\"https:\/\/wurll-jasper.de\/#organization\"},\"potentialAction\":[{\"@type\":\"SearchAction\",\"target\":{\"@type\":\"EntryPoint\",\"urlTemplate\":\"https:\/\/wurll-jasper.de\/?s={search_term_string}\"},\"query-input\":\"required name=search_term_string\"}],\"inLanguage\":\"en-US\"},{\"@type\":\"Organization\",\"@id\":\"https:\/\/wurll-jasper.de\/#organization\",\"name\":\"Wurll Jasper + Kollegen\",\"url\":\"https:\/\/wurll-jasper.de\/\",\"logo\":{\"@type\":\"ImageObject\",\"inLanguage\":\"en-US\",\"@id\":\"https:\/\/wurll-jasper.de\/#\/schema\/logo\/image\/\",\"url\":\"https:\/\/wurll-jasper.de\/wp-content\/uploads\/Wurll_Logo_188-x-110-px_01.png\",\"contentUrl\":\"https:\/\/wurll-jasper.de\/wp-content\/uploads\/Wurll_Logo_188-x-110-px_01.png\",\"width\":188,\"height\":110,\"caption\":\"Wurll Jasper + Kollegen\"},\"image\":{\"@id\":\"https:\/\/wurll-jasper.de\/#\/schema\/logo\/image\/\"},\"sameAs\":[\"https:\/\/www.facebook.com\/wurllplus\/\",\"https:\/\/www.xing.com\/companies\/wurll+kollegendiekanzleifrarbeitsrecht\"]},{\"@type\":\"Person\",\"@id\":\"https:\/\/wurll-jasper.de\/#\/schema\/person\/062f45f4cc0ce074e58e2854dfb08b9b\",\"name\":\"Raoul Jasper\",\"url\":\"https:\/\/wurll-jasper.de\/en\/author\/raoul-jasper\/\"}]}<\/script>\n<!-- \/ Yoast SEO plugin. -->","yoast_head_json":{"title":"Betrieblicher Datenschutzbeauftragter und Betriebsrat (BAG, Beschluss vom 27.4.2021 \u2013 9 AZR 383\/19) - Wurll Jasper + Kollegen","robots":{"index":"index","follow":"follow","max-snippet":"max-snippet:-1","max-image-preview":"max-image-preview:large","max-video-preview":"max-video-preview:-1"},"canonical":"https:\/\/wurll-jasper.de\/betrieblicher-datenschutzbeauftragter-und-betriebsrat-bag-beschluss-vom-27-4-2021-9-azr-383-19\/","og_locale":"en_US","og_type":"article","og_title":"Betrieblicher Datenschutzbeauftragter und Betriebsrat (BAG, Beschluss vom 27.4.2021 \u2013 9 AZR 383\/19) - Wurll Jasper + Kollegen","og_description":"Problemaufriss Ein Datenschutzbeauftragter ist in Unternehmen mit mehr als 20 Besch\u00e4ftigten in der Datenverarbeitung Pflicht. Unternehmen k\u00f6nnen hierbei auf externe Datenschutzbeauftragte zur\u00fcckgreifen oder einen eigenen Mitarbeiter als Datenschutzbeauftragten einsetzen (sog. betrieblicher Datenschutzbeauftragter). In diesem Zusammenhang stellt sich die Frage, ob diese Funktion auch ein Mitarbeiter bekleiden kann, der gleichzeitig Betriebsratsmitglied ist. Der Fall Der Arbeitgeber...","og_url":"https:\/\/wurll-jasper.de\/betrieblicher-datenschutzbeauftragter-und-betriebsrat-bag-beschluss-vom-27-4-2021-9-azr-383-19\/","og_site_name":"Wurll Jasper + Kollegen","article_publisher":"https:\/\/www.facebook.com\/wurllplus\/","article_published_time":"2022-01-04T08:24:50+00:00","og_image":[{"width":197,"height":110,"url":"https:\/\/wurll-jasper.de\/wp-content\/uploads\/WurllJasper_Logo_188-x-110-px_01.png","type":"image\/png"}],"author":"Raoul Jasper","twitter_card":"summary_large_image","twitter_misc":{"Written by":"Raoul Jasper","Est. reading time":"2 minutes"},"schema":{"@context":"https:\/\/schema.org","@graph":[{"@type":"Article","@id":"https:\/\/wurll-jasper.de\/betrieblicher-datenschutzbeauftragter-und-betriebsrat-bag-beschluss-vom-27-4-2021-9-azr-383-19\/#article","isPartOf":{"@id":"https:\/\/wurll-jasper.de\/betrieblicher-datenschutzbeauftragter-und-betriebsrat-bag-beschluss-vom-27-4-2021-9-azr-383-19\/"},"author":{"name":"Raoul Jasper","@id":"https:\/\/wurll-jasper.de\/#\/schema\/person\/062f45f4cc0ce074e58e2854dfb08b9b"},"headline":"Betrieblicher Datenschutzbeauftragter und Betriebsrat (BAG, Beschluss vom 27.4.2021 \u2013 9 AZR 383\/19)","datePublished":"2022-01-04T08:24:50+00:00","dateModified":"2022-01-04T08:24:50+00:00","mainEntityOfPage":{"@id":"https:\/\/wurll-jasper.de\/betrieblicher-datenschutzbeauftragter-und-betriebsrat-bag-beschluss-vom-27-4-2021-9-azr-383-19\/"},"wordCount":461,"publisher":{"@id":"https:\/\/wurll-jasper.de\/#organization"},"articleSection":["Allgemein"],"inLanguage":"en-US"},{"@type":"WebPage","@id":"https:\/\/wurll-jasper.de\/betrieblicher-datenschutzbeauftragter-und-betriebsrat-bag-beschluss-vom-27-4-2021-9-azr-383-19\/","url":"https:\/\/wurll-jasper.de\/betrieblicher-datenschutzbeauftragter-und-betriebsrat-bag-beschluss-vom-27-4-2021-9-azr-383-19\/","name":"Betrieblicher Datenschutzbeauftragter und Betriebsrat (BAG, Beschluss vom 27.4.2021 \u2013 9 AZR 383\/19) - Wurll Jasper + Kollegen","isPartOf":{"@id":"https:\/\/wurll-jasper.de\/#website"},"datePublished":"2022-01-04T08:24:50+00:00","dateModified":"2022-01-04T08:24:50+00:00","breadcrumb":{"@id":"https:\/\/wurll-jasper.de\/betrieblicher-datenschutzbeauftragter-und-betriebsrat-bag-beschluss-vom-27-4-2021-9-azr-383-19\/#breadcrumb"},"inLanguage":"en-US","potentialAction":[{"@type":"ReadAction","target":["https:\/\/wurll-jasper.de\/betrieblicher-datenschutzbeauftragter-und-betriebsrat-bag-beschluss-vom-27-4-2021-9-azr-383-19\/"]}]},{"@type":"BreadcrumbList","@id":"https:\/\/wurll-jasper.de\/betrieblicher-datenschutzbeauftragter-und-betriebsrat-bag-beschluss-vom-27-4-2021-9-azr-383-19\/#breadcrumb","itemListElement":[{"@type":"ListItem","position":1,"name":"Startseite","item":"https:\/\/wurll-jasper.de\/en\/"},{"@type":"ListItem","position":2,"name":"Betrieblicher Datenschutzbeauftragter und Betriebsrat (BAG, Beschluss vom 27.4.2021 \u2013 9 AZR 383\/19)"}]},{"@type":"WebSite","@id":"https:\/\/wurll-jasper.de\/#website","url":"https:\/\/wurll-jasper.de\/","name":"Wurll Jasper + Kollegen","description":"Die Kanzlei f\u00fcr Arbeitsrecht","publisher":{"@id":"https:\/\/wurll-jasper.de\/#organization"},"potentialAction":[{"@type":"SearchAction","target":{"@type":"EntryPoint","urlTemplate":"https:\/\/wurll-jasper.de\/?s={search_term_string}"},"query-input":"required name=search_term_string"}],"inLanguage":"en-US"},{"@type":"Organization","@id":"https:\/\/wurll-jasper.de\/#organization","name":"Wurll Jasper + Kollegen","url":"https:\/\/wurll-jasper.de\/","logo":{"@type":"ImageObject","inLanguage":"en-US","@id":"https:\/\/wurll-jasper.de\/#\/schema\/logo\/image\/","url":"https:\/\/wurll-jasper.de\/wp-content\/uploads\/Wurll_Logo_188-x-110-px_01.png","contentUrl":"https:\/\/wurll-jasper.de\/wp-content\/uploads\/Wurll_Logo_188-x-110-px_01.png","width":188,"height":110,"caption":"Wurll Jasper + Kollegen"},"image":{"@id":"https:\/\/wurll-jasper.de\/#\/schema\/logo\/image\/"},"sameAs":["https:\/\/www.facebook.com\/wurllplus\/","https:\/\/www.xing.com\/companies\/wurll+kollegendiekanzleifrarbeitsrecht"]},{"@type":"Person","@id":"https:\/\/wurll-jasper.de\/#\/schema\/person\/062f45f4cc0ce074e58e2854dfb08b9b","name":"Raoul Jasper","url":"https:\/\/wurll-jasper.de\/en\/author\/raoul-jasper\/"}]}},"_links":{"self":[{"href":"https:\/\/wurll-jasper.de\/en\/wp-json\/wp\/v2\/posts\/2273"}],"collection":[{"href":"https:\/\/wurll-jasper.de\/en\/wp-json\/wp\/v2\/posts"}],"about":[{"href":"https:\/\/wurll-jasper.de\/en\/wp-json\/wp\/v2\/types\/post"}],"author":[{"embeddable":true,"href":"https:\/\/wurll-jasper.de\/en\/wp-json\/wp\/v2\/users\/6"}],"replies":[{"embeddable":true,"href":"https:\/\/wurll-jasper.de\/en\/wp-json\/wp\/v2\/comments?post=2273"}],"version-history":[{"count":1,"href":"https:\/\/wurll-jasper.de\/en\/wp-json\/wp\/v2\/posts\/2273\/revisions"}],"predecessor-version":[{"id":2274,"href":"https:\/\/wurll-jasper.de\/en\/wp-json\/wp\/v2\/posts\/2273\/revisions\/2274"}],"wp:attachment":[{"href":"https:\/\/wurll-jasper.de\/en\/wp-json\/wp\/v2\/media?parent=2273"}],"wp:term":[{"taxonomy":"category","embeddable":true,"href":"https:\/\/wurll-jasper.de\/en\/wp-json\/wp\/v2\/categories?post=2273"},{"taxonomy":"post_tag","embeddable":true,"href":"https:\/\/wurll-jasper.de\/en\/wp-json\/wp\/v2\/tags?post=2273"}],"curies":[{"name":"wp","href":"https:\/\/api.w.org\/{rel}","templated":true}]}}